{"id":9689,"date":"2026-04-21T15:10:16","date_gmt":"2026-04-21T13:10:16","guid":{"rendered":"https:\/\/adaptivegrc.com\/?post_type=news&#038;p=9689"},"modified":"2026-04-21T15:13:13","modified_gmt":"2026-04-21T13:13:13","slug":"jedziemy-do-tirany-adaptivegrc-sponsorem-iia-albania-international-conference-2026","status":"publish","type":"news","link":"https:\/\/adaptivegrc.com\/pl\/materialy\/news\/jedziemy-do-tirany-adaptivegrc-sponsorem-iia-albania-international-conference-2026\/","title":{"rendered":"Jedziemy do Tirany: AdaptiveGRC sponsorem IIA Albania International Conference 2026"},"content":{"rendered":"\n<p>Z przyjemno\u015bci\u0105 og\u0142aszamy, \u017ce we\u017amiemy udzia\u0142 w nadchodz\u0105cej <strong>IIA Albania International Conference 2026<\/strong> jako oficjalny sponsor wydarzenia.<\/p>\n\n\n\n<p>Konferencja organizowana przez IIA Albania odb\u0119dzie si\u0119 <strong>11 maja 2026 roku<\/strong> w <strong>hotelu Rogner w Tiranie<\/strong>. Tegoroczny temat przewodni, <em>\u201eEmpowering Internal Audit\u201d<\/em>, zgromadzi lider\u00f3w bran\u017cy, decydent\u00f3w oraz specjalist\u00f3w audytu wewn\u0119trznego z Albanii i nie tylko. Wydarzenie skupi si\u0119 na rosn\u0105cej roli audytu wewn\u0119trznego w umacnianiu \u0142adu korporacyjnego, nadzorze nad ryzykiem oraz zwi\u0119kszaniu odpowiedzialno\u015bci organizacji.<\/p>\n\n\n\n<p>W ramach naszej obecno\u015bci b\u0119dziemy mie\u0107 stoisko, przy kt\u00f3rym uczestnicy b\u0119d\u0105 mogli spotka\u0107 si\u0119 z naszym zespo\u0142em, pozna\u0107 rozwi\u0105zania, kt\u00f3re oferujemy oraz porozmawia\u0107 o najnowszych trendach w obszarze compliance i zarz\u0105dzania ryzykiem.<\/p>\n\n\n\n<p>Co wi\u0119cej &#8211; wsp\u00f3\u0142tworzymy program konferencji dzi\u0119ki eksperckiej prelekcji prowadzonej przez <strong>Jana Anisimowicza<\/strong> pt.:<\/p>\n\n\n\n<p><strong>\u201eRaiders of the Lost Compliance: Indiana Jones\u2019 Approach to Third-Party Compliance and Risk Management\u201d<\/strong><br>\ud83d\udd53 16:15<\/p>\n\n\n\n<p>Czekamy na dzie\u0144 pe\u0142en inspiruj\u0105cych dyskusji, warto\u015bciowych spotka\u0144 i wymiany wiedzy w gronie spo\u0142eczno\u015bci audytu wewn\u0119trznego.<\/p>\n\n\n\n<p>Do zobaczenia w Tiranie!<\/p>\n","protected":false},"excerpt":{"rendered":"<p>Z przyjemno\u015bci\u0105 og\u0142aszamy, \u017ce we\u017amiemy udzia\u0142 w nadchodz\u0105cej IIA Albania International Conference 2026 jako oficjalny sponsor wydarzenia. Konferencja organizowana przez IIA Albania odb\u0119dzie&#8230;<\/p>\n","protected":false},"author":9,"featured_media":9688,"parent":0,"menu_order":0,"comment_status":"closed","ping_status":"closed","template":"","format":"standard","meta":{"_acf_changed":false,"_eb_attr":"","inline_featured_image":false,"_uag_custom_page_level_css":"","footnotes":""},"tags":[],"class_list":["post-9689","news","type-news","status-publish","format-standard","has-post-thumbnail","hentry"],"acf":[],"uagb_featured_image_src":{"full":["https:\/\/adaptivegrc.com\/wp-content\/uploads\/2026\/04\/Konferencja-Tirana-2026-scaled.png",2560,1920,false],"thumbnail":["https:\/\/adaptivegrc.com\/wp-content\/uploads\/2026\/04\/Konferencja-Tirana-2026-150x150.png",150,150,true],"medium":["https:\/\/adaptivegrc.com\/wp-content\/uploads\/2026\/04\/Konferencja-Tirana-2026-300x225.png",300,225,true],"medium_large":["https:\/\/adaptivegrc.com\/wp-content\/uploads\/2026\/04\/Konferencja-Tirana-2026-768x576.png",640,480,true],"large":["https:\/\/adaptivegrc.com\/wp-content\/uploads\/2026\/04\/Konferencja-Tirana-2026-1024x768.png",640,480,true],"1536x1536":["https:\/\/adaptivegrc.com\/wp-content\/uploads\/2026\/04\/Konferencja-Tirana-2026-1536x1152.png",1536,1152,true],"2048x2048":["https:\/\/adaptivegrc.com\/wp-content\/uploads\/2026\/04\/Konferencja-Tirana-2026-2048x1536.png",2048,1536,true],"logo":["https:\/\/adaptivegrc.com\/wp-content\/uploads\/2026\/04\/Konferencja-Tirana-2026-133x100.png",133,100,true]},"uagb_author_info":{"display_name":"Magdalena Misztela-Jeziorska","author_link":"https:\/\/adaptivegrc.com\/pl\/author\/magm\/"},"uagb_comment_info":0,"uagb_excerpt":"Z przyjemno\u015bci\u0105 og\u0142aszamy, \u017ce we\u017amiemy udzia\u0142 w nadchodz\u0105cej IIA Albania International Conference 2026 jako oficjalny sponsor wydarzenia. Konferencja organizowana przez IIA Albania odb\u0119dzie...","_links":{"self":[{"href":"https:\/\/adaptivegrc.com\/pl\/wp-json\/wp\/v2\/news\/9689","targetHints":{"allow":["GET"]}}],"collection":[{"href":"https:\/\/adaptivegrc.com\/pl\/wp-json\/wp\/v2\/news"}],"about":[{"href":"https:\/\/adaptivegrc.com\/pl\/wp-json\/wp\/v2\/types\/news"}],"author":[{"embeddable":true,"href":"https:\/\/adaptivegrc.com\/pl\/wp-json\/wp\/v2\/users\/9"}],"replies":[{"embeddable":true,"href":"https:\/\/adaptivegrc.com\/pl\/wp-json\/wp\/v2\/comments?post=9689"}],"version-history":[{"count":1,"href":"https:\/\/adaptivegrc.com\/pl\/wp-json\/wp\/v2\/news\/9689\/revisions"}],"predecessor-version":[{"id":9690,"href":"https:\/\/adaptivegrc.com\/pl\/wp-json\/wp\/v2\/news\/9689\/revisions\/9690"}],"wp:featuredmedia":[{"embeddable":true,"href":"https:\/\/adaptivegrc.com\/pl\/wp-json\/wp\/v2\/media\/9688"}],"wp:attachment":[{"href":"https:\/\/adaptivegrc.com\/pl\/wp-json\/wp\/v2\/media?parent=9689"}],"wp:term":[{"taxonomy":"post_tag","embeddable":true,"href":"https:\/\/adaptivegrc.com\/pl\/wp-json\/wp\/v2\/tags?post=9689"}],"curies":[{"name":"wp","href":"https:\/\/api.w.org\/{rel}","templated":true}]}}