{"id":9492,"date":"2026-03-27T12:11:20","date_gmt":"2026-03-27T11:11:20","guid":{"rendered":"https:\/\/adaptivegrc.com\/?post_type=news&#038;p=9492"},"modified":"2026-03-27T12:18:59","modified_gmt":"2026-03-27T11:18:59","slug":"adaptivegrc-sponsorem-audit-leadership-forum","status":"publish","type":"news","link":"https:\/\/adaptivegrc.com\/pl\/materialy\/news\/adaptivegrc-sponsorem-audit-leadership-forum\/","title":{"rendered":"AdaptiveGRC sponsorem Audit Leadership Forum"},"content":{"rendered":"\n<p>AdaptiveGRC zosta\u0142o sponsorem spotkania bran\u017cowego Audit Leadership Forum 2026, kt\u00f3re odb\u0119dzie si\u0119 16 kwietnia w Warszawie.<\/p>\n\n\n\n<p>To presti\u017cowe mi\u0119dzynarodowe wydarzenie zgromadzi ponad 150 dyrektor\u00f3w audytu (Chief Audit Executives) oraz specjalist\u00f3w ds. audytu z ponad 20 kraj\u00f3w, tworz\u0105c wyj\u0105tkow\u0105 platform\u0119 do wymiany wiedzy, poznawania nowych trend\u00f3w oraz budowania warto\u015bciowych kontakt\u00f3w w dynamicznie rozwijaj\u0105cym si\u0119 \u015bwiecie audytu.<\/p>\n\n\n\n<h2 class=\"wp-block-heading\" id=\"spotkaj-sie-z-adaptivegrc-w-warszawie\">Spotkaj si\u0119 z AdaptiveGRC w Warszawie<\/h2>\n\n\n\n<p>Jako oficjalny sponsor, AdaptiveGRC b\u0119dzie obecne podczas ca\u0142ego wydarzenia z w\u0142asnym stanowiskiem. Zapraszamy serdecznie wszystkich uczestnik\u00f3w, aby:<\/p>\n\n\n\n<ul class=\"wp-block-list\">\n<li>dowiedzie\u0107 si\u0119, w jaki spos\u00f3b AdaptiveGRC wspiera nowoczesne procesy audytu wewn\u0119trznego i zarz\u0105dzania ryzykiem<\/li>\n\n\n\n<li>zapozna\u0107 si\u0119 z praktycznymi przypadkami u\u017cycia, dedykowanymi instytucjom finansowym i nie tylko<\/li>\n\n\n\n<li>spotka\u0107 si\u0119 z naszymi ekspertami i porozmawia\u0107 o aktualnych wyzwaniach audytowych<\/li>\n<\/ul>\n\n\n\n<h2 class=\"wp-block-heading\" id=\"prelekcja-lukasza-krzewickiego\">Prelekcja \u0141ukasza Krzewickiego<\/h2>\n\n\n\n<p>Jednym z najwa\u017cniejszych punkt\u00f3w naszej obecno\u015bci b\u0119dzie prezentacja<a href=\"https:\/\/adaptivegrc.com\/pl\/o-nas\/zespol\/\" data-type=\"page\" data-id=\"3663\"> <strong>\u0141ukasza Krzewickiego<\/strong><\/a>, eksperta ds. audytu, ryzyka i zgodno\u015bci:<\/p>\n\n\n\n<p><strong>\u201ePlanowanie i przygotowanie jako fundament efektywnego audytu wewn\u0119trznego\u201d<\/strong><\/p>\n\n\n\n<p>Podczas sesji \u0141ukasz skupi si\u0119 na kluczowej roli strukturalnego planowania i solidnego przygotowania, kt\u00f3re s\u0105 niezb\u0119dne do przeprowadzania skutecznych i warto\u015bciowych audyt\u00f3w wewn\u0119trznych. Uczestnicy mog\u0105 liczy\u0107 na praktyczne wskaz\u00f3wki i perspektywy oparte na realnym do\u015bwiadczeniu.<\/p>\n\n\n\n<p>\ud83d\udcc5 <strong>16 kwietnia 2026<\/strong><br>\ud83d\udd50 <strong>14:40<\/strong><br>\ud83d\udccd <strong>Warszawa<\/strong><\/p>\n\n\n\n<p>Audit Leadership Forum 2026 to doskona\u0142a okazja do wymiany do\u015bwiadcze\u0144, zdobycia \u015bwie\u017cych perspektyw i dyskusji o przysz\u0142o\u015bci audytu wewn\u0119trznego, w kt\u00f3rej technologia odgrywa istotn\u0105 rol\u0119 wspieraj\u0105c\u0105, ale to cz\u0142owiek pozostaje w centrum uwagi.<\/p>\n\n\n\n<p>Zapraszamy do odwiedzenia stoiska AdaptiveGRC oraz uczestnictwa w sesji \u0141ukasza.<\/p>\n\n\n\n<p>Udzia\u0142 w wydarzeniu wymaga wcze\u015bniejszej rejestracji. Do zobaczenia w Warszawie!<\/p>\n","protected":false},"excerpt":{"rendered":"<p>AdaptiveGRC zosta\u0142o sponsorem spotkania bran\u017cowego Audit Leadership Forum 2026, kt\u00f3re odb\u0119dzie si\u0119 16 kwietnia w Warszawie. To presti\u017cowe mi\u0119dzynarodowe wydarzenie zgromadzi ponad 150&#8230;<\/p>\n","protected":false},"author":9,"featured_media":9491,"parent":0,"menu_order":0,"comment_status":"closed","ping_status":"closed","template":"","format":"standard","meta":{"_acf_changed":false,"_eb_attr":"","inline_featured_image":false,"_uag_custom_page_level_css":"","footnotes":""},"tags":[],"class_list":["post-9492","news","type-news","status-publish","format-standard","has-post-thumbnail","hentry"],"acf":[],"uagb_featured_image_src":{"full":["https:\/\/adaptivegrc.com\/wp-content\/uploads\/2026\/03\/Konferencja-Audit-Leadership-Forum-2026-Warszawa-copy-scaled.png",2560,1920,false],"thumbnail":["https:\/\/adaptivegrc.com\/wp-content\/uploads\/2026\/03\/Konferencja-Audit-Leadership-Forum-2026-Warszawa-copy-150x150.png",150,150,true],"medium":["https:\/\/adaptivegrc.com\/wp-content\/uploads\/2026\/03\/Konferencja-Audit-Leadership-Forum-2026-Warszawa-copy-300x225.png",300,225,true],"medium_large":["https:\/\/adaptivegrc.com\/wp-content\/uploads\/2026\/03\/Konferencja-Audit-Leadership-Forum-2026-Warszawa-copy-768x576.png",640,480,true],"large":["https:\/\/adaptivegrc.com\/wp-content\/uploads\/2026\/03\/Konferencja-Audit-Leadership-Forum-2026-Warszawa-copy-1024x768.png",640,480,true],"1536x1536":["https:\/\/adaptivegrc.com\/wp-content\/uploads\/2026\/03\/Konferencja-Audit-Leadership-Forum-2026-Warszawa-copy-1536x1152.png",1536,1152,true],"2048x2048":["https:\/\/adaptivegrc.com\/wp-content\/uploads\/2026\/03\/Konferencja-Audit-Leadership-Forum-2026-Warszawa-copy-2048x1536.png",2048,1536,true],"logo":["https:\/\/adaptivegrc.com\/wp-content\/uploads\/2026\/03\/Konferencja-Audit-Leadership-Forum-2026-Warszawa-copy-133x100.png",133,100,true]},"uagb_author_info":{"display_name":"Magdalena Misztela-Jeziorska","author_link":"https:\/\/adaptivegrc.com\/pl\/author\/magm\/"},"uagb_comment_info":0,"uagb_excerpt":"AdaptiveGRC zosta\u0142o sponsorem spotkania bran\u017cowego Audit Leadership Forum 2026, kt\u00f3re odb\u0119dzie si\u0119 16 kwietnia w Warszawie. To presti\u017cowe mi\u0119dzynarodowe wydarzenie zgromadzi ponad 150...","_links":{"self":[{"href":"https:\/\/adaptivegrc.com\/pl\/wp-json\/wp\/v2\/news\/9492","targetHints":{"allow":["GET"]}}],"collection":[{"href":"https:\/\/adaptivegrc.com\/pl\/wp-json\/wp\/v2\/news"}],"about":[{"href":"https:\/\/adaptivegrc.com\/pl\/wp-json\/wp\/v2\/types\/news"}],"author":[{"embeddable":true,"href":"https:\/\/adaptivegrc.com\/pl\/wp-json\/wp\/v2\/users\/9"}],"replies":[{"embeddable":true,"href":"https:\/\/adaptivegrc.com\/pl\/wp-json\/wp\/v2\/comments?post=9492"}],"version-history":[{"count":1,"href":"https:\/\/adaptivegrc.com\/pl\/wp-json\/wp\/v2\/news\/9492\/revisions"}],"predecessor-version":[{"id":9494,"href":"https:\/\/adaptivegrc.com\/pl\/wp-json\/wp\/v2\/news\/9492\/revisions\/9494"}],"wp:featuredmedia":[{"embeddable":true,"href":"https:\/\/adaptivegrc.com\/pl\/wp-json\/wp\/v2\/media\/9491"}],"wp:attachment":[{"href":"https:\/\/adaptivegrc.com\/pl\/wp-json\/wp\/v2\/media?parent=9492"}],"wp:term":[{"taxonomy":"post_tag","embeddable":true,"href":"https:\/\/adaptivegrc.com\/pl\/wp-json\/wp\/v2\/tags?post=9492"}],"curies":[{"name":"wp","href":"https:\/\/api.w.org\/{rel}","templated":true}]}}