{"id":10422,"date":"2026-08-28T13:44:48","date_gmt":"2026-08-28T11:44:48","guid":{"rendered":"https:\/\/adaptivegrc.com\/?post_type=news&#038;p=10422"},"modified":"2026-08-28T13:45:16","modified_gmt":"2026-08-28T11:45:16","slug":"adaptivegrc-na-konferencji-organizowanej-przez-iia-macedonia","status":"publish","type":"news","link":"https:\/\/adaptivegrc.com\/pl\/materialy\/news\/adaptivegrc-na-konferencji-organizowanej-przez-iia-macedonia\/","title":{"rendered":"AdaptiveGRC na konferencji organizowanej przez IIA Macedonia"},"content":{"rendered":"\n<p class=\"wp-block-paragraph\">Ju\u017c 15\u201316 wrze\u015bnia spotkamy si\u0119 w Ochrydzie w Macedonii P\u00f3\u0142nocnej podczas International Audit Conference 2026, organizowanej przez IIA North Macedonia.<\/p>\n\n\n\n<p class=\"wp-block-paragraph\">To mi\u0119dzynarodowe wydarzenie gromadzi ekspert\u00f3w i praktyk\u00f3w zwi\u0105zanych z audytem wewn\u0119trznym i zewn\u0119trznym, zarz\u0105dzaniem ryzykiem, compliance, rachunkowo\u015bci\u0105 oraz etyk\u0105. Tegoroczna konferencja odb\u0119dzie si\u0119 w Hotelu Metropol nad Jeziorem Ochrydzkim i b\u0119dzie po\u015bwi\u0119cona m.in. wsp\u00f3\u0142czesnym wyzwaniom w obszarze audytu, ryzyka, compliance, cyberbezpiecze\u0144stwa i zarz\u0105dzania kapita\u0142em ludzkim.<\/p>\n\n\n\n<p class=\"wp-block-paragraph\">Szczeg\u00f3lnie cieszymy si\u0119, \u017ce w gronie prelegent\u00f3w znalaz\u0142 si\u0119 <a href=\"https:\/\/www.linkedin.com\/in\/anisimowicz\/\" target=\"_blank\" rel=\"noopener\">Jan Anisimowicz<\/a>, Head of Efficiency &amp; Innovation w C&amp;F.<\/p>\n\n\n\n<p class=\"wp-block-paragraph\">Jan wyst\u0105pi ju\u017c na pocz\u0105tku pierwszego dnia konferencji, bezpo\u015brednio po mowie otwieraj\u0105cej Biljany Sekulovskiej i Nenada Tortevskiego. O godzinie 10:00 rozpocznie si\u0119 sesja \u201eEchoes of Decisions\u201d, w ramach kt\u00f3rej zaprezentuje wyst\u0105pienie:<\/p>\n\n\n\n<p class=\"wp-block-paragraph\"><strong>\u201eRaiders of the Lost Compliance: Indiana Jones\u2019 Approach to Third-Party Compliance and Risk Management\u201d<\/strong><\/p>\n\n\n\n<p class=\"wp-block-paragraph\">B\u0119dzie to okazja do spojrzenia na zarz\u0105dzanie ryzykiem i compliance w relacjach z podmiotami trzecimi z nieco innej perspektywy, z wykorzystaniem inspiracji rodem z przyg\u00f3d Indiany Jonesa.<\/p>\n","protected":false},"excerpt":{"rendered":"<p>Ju\u017c 15\u201316 wrze\u015bnia spotkamy si\u0119 w Ochrydzie w Macedonii P\u00f3\u0142nocnej podczas International Audit Conference 2026, organizowanej przez IIA North Macedonia. To mi\u0119dzynarodowe wydarzenie gromadzi&#8230;<\/p>\n","protected":false},"author":9,"featured_media":10423,"parent":0,"menu_order":0,"comment_status":"closed","ping_status":"closed","template":"","format":"standard","meta":{"_acf_changed":false,"_eb_attr":"","inline_featured_image":false,"_uag_custom_page_level_css":"","footnotes":""},"tags":[],"class_list":["post-10422","news","type-news","status-publish","format-standard","has-post-thumbnail","hentry"],"acf":[],"uagb_featured_image_src":{"full":["https:\/\/adaptivegrc.com\/wp-content\/uploads\/2026\/08\/IIA-MAcedonia-Ochrid-September-2026-scaled.png",2560,1920,false],"thumbnail":["https:\/\/adaptivegrc.com\/wp-content\/uploads\/2026\/08\/IIA-MAcedonia-Ochrid-September-2026-150x150.png",150,150,true],"medium":["https:\/\/adaptivegrc.com\/wp-content\/uploads\/2026\/08\/IIA-MAcedonia-Ochrid-September-2026-300x225.png",300,225,true],"medium_large":["https:\/\/adaptivegrc.com\/wp-content\/uploads\/2026\/08\/IIA-MAcedonia-Ochrid-September-2026-768x576.png",640,480,true],"large":["https:\/\/adaptivegrc.com\/wp-content\/uploads\/2026\/08\/IIA-MAcedonia-Ochrid-September-2026-1024x768.png",640,480,true],"1536x1536":["https:\/\/adaptivegrc.com\/wp-content\/uploads\/2026\/08\/IIA-MAcedonia-Ochrid-September-2026-1536x1152.png",1536,1152,true],"2048x2048":["https:\/\/adaptivegrc.com\/wp-content\/uploads\/2026\/08\/IIA-MAcedonia-Ochrid-September-2026-2048x1536.png",2048,1536,true],"logo":["https:\/\/adaptivegrc.com\/wp-content\/uploads\/2026\/08\/IIA-MAcedonia-Ochrid-September-2026-133x100.png",133,100,true]},"uagb_author_info":{"display_name":"Magdalena Misztela-Jeziorska","author_link":"https:\/\/adaptivegrc.com\/pl\/author\/magm\/"},"uagb_comment_info":0,"uagb_excerpt":"Ju\u017c 15\u201316 wrze\u015bnia spotkamy si\u0119 w Ochrydzie w Macedonii P\u00f3\u0142nocnej podczas International Audit Conference 2026, organizowanej przez IIA North Macedonia. To mi\u0119dzynarodowe wydarzenie gromadzi...","_links":{"self":[{"href":"https:\/\/adaptivegrc.com\/pl\/wp-json\/wp\/v2\/news\/10422","targetHints":{"allow":["GET"]}}],"collection":[{"href":"https:\/\/adaptivegrc.com\/pl\/wp-json\/wp\/v2\/news"}],"about":[{"href":"https:\/\/adaptivegrc.com\/pl\/wp-json\/wp\/v2\/types\/news"}],"author":[{"embeddable":true,"href":"https:\/\/adaptivegrc.com\/pl\/wp-json\/wp\/v2\/users\/9"}],"replies":[{"embeddable":true,"href":"https:\/\/adaptivegrc.com\/pl\/wp-json\/wp\/v2\/comments?post=10422"}],"version-history":[{"count":2,"href":"https:\/\/adaptivegrc.com\/pl\/wp-json\/wp\/v2\/news\/10422\/revisions"}],"predecessor-version":[{"id":10426,"href":"https:\/\/adaptivegrc.com\/pl\/wp-json\/wp\/v2\/news\/10422\/revisions\/10426"}],"wp:featuredmedia":[{"embeddable":true,"href":"https:\/\/adaptivegrc.com\/pl\/wp-json\/wp\/v2\/media\/10423"}],"wp:attachment":[{"href":"https:\/\/adaptivegrc.com\/pl\/wp-json\/wp\/v2\/media?parent=10422"}],"wp:term":[{"taxonomy":"post_tag","embeddable":true,"href":"https:\/\/adaptivegrc.com\/pl\/wp-json\/wp\/v2\/tags?post=10422"}],"curies":[{"name":"wp","href":"https:\/\/api.w.org\/{rel}","templated":true}]}}